{"id":51416,"date":"2022-04-29T20:07:38","date_gmt":"2022-04-29T23:07:38","guid":{"rendered":"http:\/\/www.auroradecolchagua.cl\/?p=51416"},"modified":"2022-04-29T20:08:00","modified_gmt":"2022-04-29T23:08:00","slug":"libro-pichilemu-mis-fuentes-de-informacion-es-reeditado-a-tres-decadas-de-su-publicacion","status":"publish","type":"post","link":"https:\/\/www.auroradecolchagua.cl\/?p=51416","title":{"rendered":"Libro \u00abPichilemu: mis fuentes de informaci\u00f3n\u00bb es reeditado a tres d\u00e9cadas de su publicaci\u00f3n"},"content":{"rendered":"<p>El libro \u00abPichilemu: mis fuentes de informaci\u00f3n\u00bb, del investigador local Antonio Sald\u00edas Gonz\u00e1lez, quien escribi\u00f3 bajo el seud\u00f3nimo Don Antonio de Petrel, ha tenido su primera reedici\u00f3n a 32 a\u00f1os de su primera publicaci\u00f3n.<\/p>\n<p>Esta nueva versi\u00f3n del texto fue impresa en Estados Unidos. Se realizaron numerosas correcciones, mejorando sustancialmente la calidad de las ilustraciones y su diagramaci\u00f3n. Adem\u00e1s de una nota biogr\u00e1fica del autor, escrita por Diego Grez Ca\u00f1ete, el libro tambi\u00e9n incluye el infomre t\u00e9cnico clase A de la comisi\u00f3n especializada del Ministerio de Educaci\u00f3n que declara al libro como material de consulta para los estudiantes de ense\u00f1anza media.<\/p>\n<div class=\"google-auto-placed ap_container\"><ins class=\"adsbygoogle adsbygoogle-noablate\" data-ad-format=\"auto\" data-ad-client=\"ca-pub-0532604426746717\" data-adsbygoogle-status=\"done\" data-ad-status=\"filled\"><ins id=\"aswift_2_expand\" tabindex=\"0\" title=\"Advertisement\" aria-label=\"Advertisement\"><ins id=\"aswift_2_anchor\"><iframe loading=\"lazy\" id=\"aswift_2\" src=\"https:\/\/googleads.g.doubleclick.net\/pagead\/ads?client=ca-pub-0532604426746717&amp;output=html&amp;h=280&amp;adk=3887154239&amp;adf=1552841012&amp;pi=t.aa~a.1381849204~i.9~rp.4&amp;w=1200&amp;fwrn=4&amp;fwrnh=100&amp;lmt=1651273610&amp;num_ads=1&amp;rafmt=1&amp;armr=3&amp;sem=mc&amp;pwprc=1292080560&amp;psa=1&amp;ad_type=text_image&amp;format=1200x280&amp;url=http%3A%2F%2Fwww.diarioelmarino.cl%2F2022%2F04%2F29%2Flibro-pichilemu-mis-fuentes-de-informacion-es-reeditado-a-tres-decadas-de-su-publicacion%2F&amp;host=ca-host-pub-2644536267352236&amp;fwr=0&amp;pra=3&amp;rh=200&amp;rw=1429&amp;rpe=1&amp;resp_fmts=3&amp;wgl=1&amp;fa=27&amp;dt=1651273599463&amp;bpp=2&amp;bdt=116022&amp;idt=2&amp;shv=r20220427&amp;mjsv=m202204260101&amp;ptt=9&amp;saldr=aa&amp;abxe=1&amp;cookie=ID%3D1aa68b36b8d0dc83-22c9290a02cf0048%3AT%3D1640991695%3ART%3D1640991695%3AS%3DALNI_Mbpp-nKNGloWGk_WVc2-QwF-ATENg&amp;prev_fmts=0x0%2C1445x903%2C1200x280%2C1200x280%2C1200x280%2C1200x280%2C1005x124&amp;nras=7&amp;correlator=1227297224252&amp;frm=20&amp;pv=1&amp;ga_vid=1573642070.1640986033&amp;ga_sid=1651273599&amp;ga_hid=1629052807&amp;ga_fc=1&amp;u_tz=-240&amp;u_his=10&amp;u_h=1080&amp;u_w=1920&amp;u_ah=1032&amp;u_aw=1920&amp;u_cd=24&amp;u_sd=1&amp;adx=123&amp;ady=4956&amp;biw=1445&amp;bih=903&amp;scr_x=0&amp;scr_y=1394&amp;eid=44759876%2C44759927%2C44759842%2C31062930&amp;oid=2&amp;psts=AGkb-H92O2HF64aH7Hb9N3QNYYJEO4sQUh28xz0vDIUn_pqVAcAgX9_wuIQQTe_bqX4yOhdzLz_okDaE60SAwALszF-RlVKk29SpygMnPC1L%2CAGkb-H-geuPL0o9aG1Uqbw7mHTK_aFMbGaeo6uSsLn495px4N-eq_2PVOtv-8BVWEzs2XHbdKmVAqHUQ2qPm4g%2CAGkb-H-EJ34je3AIuXT3Ow7A861QOl4OLYpS3Zc7lwYSQY0kUV2woA65_RXcqmadTOzKXEg0nlWjwz-T5WGcxw&amp;pvsid=1371469094940384&amp;pem=111&amp;tmod=1680788423&amp;nvt=1&amp;ref=http%3A%2F%2Fwww.diarioelmarino.cl%2F&amp;eae=0&amp;fc=1408&amp;brdim=25%2C0%2C25%2C0%2C1920%2C0%2C1474%2C1039%2C1462%2C920&amp;vis=1&amp;rsz=%7C%7Cs%7C&amp;abl=NS&amp;fu=1152&amp;bc=23&amp;ifi=3&amp;uci=a!3&amp;btvi=6&amp;fsb=1&amp;xpc=HTPgzg2cKd&amp;p=http%3A\/\/www.diarioelmarino.cl&amp;dtd=10651\" name=\"aswift_2\" width=\"1200\" height=\"280\" frameborder=\"0\" marginwidth=\"0\" marginheight=\"0\" scrolling=\"no\" sandbox=\"allow-forms allow-popups allow-popups-to-escape-sandbox allow-same-origin allow-scripts allow-top-navigation-by-user-activation\" data-google-container-id=\"a!3\" data-google-query-id=\"CI-P1sexuvcCFQKepwodqSQP6Q\" data-load-complete=\"true\" data-mce-fragment=\"1\"><\/iframe><\/ins><\/ins><\/ins><\/div>\n<p>\u00abEl contenido esencial ha permanecido inalterado, dado que ha servido con creces sus prop\u00f3sitos. Especialmente en cuanto al deseo que otros autores se animaran a abordar el estudio y compartir sus trabajos. Cabe mencionar al menos, a algunos de ellos; los historiadores Juan Guillermo Mu\u00f1oz Correa, Juan Marcelo Mella Polanco, Diego Grez Ca\u00f1ete, etc.\u00bb, comenta su autor, Antonio Sald\u00edas, emocionado de dar a la luz p\u00fablica la nueva edici\u00f3n del libro.<\/p>\n<p>\u00abEn las p\u00e1ginas iniciales de aquella obra se\u00f1al\u00e9 que, \u201cHe considerado \u00fatil\u00c2\u00a0 reunir en un libro, algunos textos completos, fragmentos escogidos y una bibliograf\u00eda de las obras m\u00e1s significativas relacionadas con la zona\u00bb. Contiene estudios cient\u00edficos, proyectos t\u00e9cnicos para obras p\u00fablicas, noticias y comentarios period\u00edsticos, obras literarias que hablan de nuestros escenarios y\/o personajes, documentos oficiales, escrituras p\u00fablicas, etc.. Con todo, faltan diversas manifestaciones que por m\u00faltiples razones no est\u00e1n incluidas\u00bb, agrega.<\/p>\n<p>\u00abMi objetivo es facilitar el acceso de estas fuentes de informaci\u00f3n, sobre todo a las nuevas generaciones de estudiantes que buscan profundizar en el conocimiento de su tierra, sus hombres y su cultura. Tanto mejor, si profesionales especializados se sienten motivados a proseguir investigando la zona. \u00a1Los arque\u00f3logos han abandonado la costa central!\u201d\u009d.<\/p>\n<p>Sald\u00edas anunci\u00f3, adem\u00e1s, que est\u00e1 trabajando en una recopilaci\u00f3n de las cr\u00f3nicas que escribi\u00f3 en el peri\u00f3dico <em>Pichilemu <\/em>en su recordada secci\u00f3n \u00abUsted sabe\u00bb, entre 1986 y 1990, textos que precedieron la publicaci\u00f3n original del libro \u00abPichilemu: mis fuentes de informaci\u00f3n\u00bb.<\/p>\n<p>\u00abEn las dichas cr\u00f3nicas se encuentra mi an\u00e1lisis y parecer sobre todas las fuentes consultadas que tratan de materias vinculadas a nuestra zona del \u201csecano costero. Luego, el resultado de mis b\u00fasquedas los publiqu\u00e9 en diversos Blogs y en redes sociales. Todas esas notas y comentarios escritos, espero reunirlos y transportarlos al formato libro en un futuro pr\u00f3ximo\u00bb, concluy\u00f3 el autor.<\/p>\n","protected":false},"excerpt":{"rendered":"<p>El libro \u00abPichilemu: mis fuentes de informaci\u00f3n\u00bb, del investigador local Antonio Sald\u00edas Gonz\u00e1lez, quien escribi\u00f3 bajo el seud\u00f3nimo Don Antonio de Petrel, ha tenido su primera reedici\u00f3n a 32 a\u00f1os de su primera publicaci\u00f3n. Esta nueva versi\u00f3n del texto fue impresa en Estados Unidos. Se realizaron numerosas correcciones, mejorando sustancialmente la calidad de las ilustraciones &hellip; <\/p>\n","protected":false},"author":1,"featured_media":51417,"comment_status":"closed","ping_status":"closed","sticky":false,"template":"","format":"standard","meta":{"footnotes":""},"categories":[21],"tags":[],"class_list":["post-51416","post","type-post","status-publish","format-standard","has-post-thumbnail","hentry","category-noticias"],"_links":{"self":[{"href":"https:\/\/www.auroradecolchagua.cl\/index.php?rest_route=\/wp\/v2\/posts\/51416","targetHints":{"allow":["GET"]}}],"collection":[{"href":"https:\/\/www.auroradecolchagua.cl\/index.php?rest_route=\/wp\/v2\/posts"}],"about":[{"href":"https:\/\/www.auroradecolchagua.cl\/index.php?rest_route=\/wp\/v2\/types\/post"}],"author":[{"embeddable":true,"href":"https:\/\/www.auroradecolchagua.cl\/index.php?rest_route=\/wp\/v2\/users\/1"}],"replies":[{"embeddable":true,"href":"https:\/\/www.auroradecolchagua.cl\/index.php?rest_route=%2Fwp%2Fv2%2Fcomments&post=51416"}],"version-history":[{"count":2,"href":"https:\/\/www.auroradecolchagua.cl\/index.php?rest_route=\/wp\/v2\/posts\/51416\/revisions"}],"predecessor-version":[{"id":51419,"href":"https:\/\/www.auroradecolchagua.cl\/index.php?rest_route=\/wp\/v2\/posts\/51416\/revisions\/51419"}],"wp:featuredmedia":[{"embeddable":true,"href":"https:\/\/www.auroradecolchagua.cl\/index.php?rest_route=\/wp\/v2\/media\/51417"}],"wp:attachment":[{"href":"https:\/\/www.auroradecolchagua.cl\/index.php?rest_route=%2Fwp%2Fv2%2Fmedia&parent=51416"}],"wp:term":[{"taxonomy":"category","embeddable":true,"href":"https:\/\/www.auroradecolchagua.cl\/index.php?rest_route=%2Fwp%2Fv2%2Fcategories&post=51416"},{"taxonomy":"post_tag","embeddable":true,"href":"https:\/\/www.auroradecolchagua.cl\/index.php?rest_route=%2Fwp%2Fv2%2Ftags&post=51416"}],"curies":[{"name":"wp","href":"https:\/\/api.w.org\/{rel}","templated":true}]}}